{"id":1009,"date":"2015-05-19T17:11:19","date_gmt":"2015-05-19T15:11:19","guid":{"rendered":"http:\/\/www.virtuellesstudio.de\/?p=1009"},"modified":"2015-05-19T17:26:01","modified_gmt":"2015-05-19T15:26:01","slug":"tag-der-begegnung","status":"publish","type":"post","link":"http:\/\/www.virtuellesstudio.de\/?p=1009","title":{"rendered":"Tag der Begegnung"},"content":{"rendered":"<p>Starte deine Karriere &#8211; nachhaltig innovativ, so lautete das Motto f\u00fcr die \u201eCONTACT 2015\u201c, die 17. Auflage der Kontaktmesse der Technischen Hochschule Ingolstadt. Auch die Virtuelles Studio GmbH legt in allen Unternehmensbereichen und insbesondere in der Personalpolitik gro\u00dfen Wert auf das Thema Nachhaltigkeit und fand sich deshalb neben anderen namhaften Unternehmen aus dem Gro\u00dfraum Ingolstadt am 13. Mai 2015 in der Saturn Arena ein, um den Studenten der Technischen Hochschule Ingolstadt sowie anderer Hochschulen das Unternehmen vorzustellen und dabei vor allem die Leistungen in den Bereichen Design, CAS\/Strak und Visualisierung ebenso wie die Karrierem\u00f6glichkeiten im Unternehmen in den Fokus zu r\u00fccken. <!--more--><\/p>\n<p>Das Highlight unseres Standes und ein wahrer Besuchermagnet war die Demonstration unserer 3D-Brille mit Headtracking-Funktion, mit der die Studenten die einmalige Gelegenheit hatten, unser aktuelles Showcar aus allen Blickwinkeln zu betrachten und so in eine rein virtuelle Welt einzutauchen. Dar\u00fcber hinaus wurden in zahlreichen pers\u00f6nlichen Gespr\u00e4chen Kontakte mit motivierten und qualifizierten jungen Menschen gekn\u00fcpft und M\u00f6glichkeiten er\u00f6rtert, wie die Studenten und Young Professionals aus der Region unsere Teams an den vier Standorten erfolgreich unterst\u00fctzen k\u00f6nnen.<\/p>\n<p>Bilder, Impressionen sowie einen Film, der alle Aussteller im \u00dcberblick zeigt finden Sie <a href=\"http:\/\/www.contactin.de\/rueckblick\/bildergalerie.html\" target=\"_blank\">hier<\/a>. Unseren Messestand k\u00f6nnen Sie auf unserer <a href=\"https:\/\/www.facebook.com\/virtuellesstudio\">Facebook-Seite<\/a> begutachten. Wir bedanken uns bei allen Besuchern und den Organisatoren der Messe f\u00fcr einen spannenden Tag.<\/p>\n<p><a href=\"http:\/\/www.virtuellesstudio.de\/wp-content\/uploads\/2015\/05\/044_bearbeitet_Web.jpg\"><img loading=\"lazy\" decoding=\"async\" class=\"alignnone size-full wp-image-1008\" src=\"http:\/\/www.virtuellesstudio.de\/wp-content\/uploads\/2015\/05\/044_bearbeitet_Web.jpg\" alt=\"044_bearbeitet_Web\" width=\"300\" height=\"240\" \/><\/a>\u00a0\u00a0\u00a0\u00a0 <a href=\"http:\/\/www.virtuellesstudio.de\/wp-content\/uploads\/2015\/05\/045_bearbeitet_Web.jpg\"><img loading=\"lazy\" decoding=\"async\" class=\"alignnone size-full wp-image-1013\" src=\"http:\/\/www.virtuellesstudio.de\/wp-content\/uploads\/2015\/05\/045_bearbeitet_Web.jpg\" alt=\"045_bearbeitet_Web\" width=\"300\" height=\"240\" \/><\/a><\/p>","protected":false},"excerpt":{"rendered":"<p>Starte deine Karriere &#8211; nachhaltig innovativ, so lautete das Motto f\u00fcr die \u201eCONTACT 2015\u201c, die 17. Auflage der Kontaktmesse der Technischen Hochschule Ingolstadt. Auch die Virtuelles Studio GmbH legt in allen Unternehmensbereichen und insbesondere in der Personalpolitik gro\u00dfen Wert auf &hellip; <a href=\"http:\/\/www.virtuellesstudio.de\/?p=1009\">Continue reading <span class=\"meta-nav\">&rarr;<\/span><\/a><\/p>\n","protected":false},"author":5,"featured_media":0,"comment_status":"open","ping_status":"closed","sticky":false,"template":"","format":"standard","meta":{"ngg_post_thumbnail":0,"footnotes":""},"categories":[9],"tags":[],"class_list":["post-1009","post","type-post","status-publish","format-standard","hentry","category-the-blog"],"_links":{"self":[{"href":"http:\/\/www.virtuellesstudio.de\/index.php?rest_route=\/wp\/v2\/posts\/1009","targetHints":{"allow":["GET"]}}],"collection":[{"href":"http:\/\/www.virtuellesstudio.de\/index.php?rest_route=\/wp\/v2\/posts"}],"about":[{"href":"http:\/\/www.virtuellesstudio.de\/index.php?rest_route=\/wp\/v2\/types\/post"}],"author":[{"embeddable":true,"href":"http:\/\/www.virtuellesstudio.de\/index.php?rest_route=\/wp\/v2\/users\/5"}],"replies":[{"embeddable":true,"href":"http:\/\/www.virtuellesstudio.de\/index.php?rest_route=%2Fwp%2Fv2%2Fcomments&post=1009"}],"version-history":[{"count":36,"href":"http:\/\/www.virtuellesstudio.de\/index.php?rest_route=\/wp\/v2\/posts\/1009\/revisions"}],"predecessor-version":[{"id":1040,"href":"http:\/\/www.virtuellesstudio.de\/index.php?rest_route=\/wp\/v2\/posts\/1009\/revisions\/1040"}],"wp:attachment":[{"href":"http:\/\/www.virtuellesstudio.de\/index.php?rest_route=%2Fwp%2Fv2%2Fmedia&parent=1009"}],"wp:term":[{"taxonomy":"category","embeddable":true,"href":"http:\/\/www.virtuellesstudio.de\/index.php?rest_route=%2Fwp%2Fv2%2Fcategories&post=1009"},{"taxonomy":"post_tag","embeddable":true,"href":"http:\/\/www.virtuellesstudio.de\/index.php?rest_route=%2Fwp%2Fv2%2Ftags&post=1009"}],"curies":[{"name":"wp","href":"https:\/\/api.w.org\/{rel}","templated":true}]}}