{"id":1075,"date":"2015-06-18T16:25:43","date_gmt":"2015-06-18T14:25:43","guid":{"rendered":"http:\/\/www.virtuellesstudio.de\/?p=1075"},"modified":"2015-12-10T17:41:25","modified_gmt":"2015-12-10T15:41:25","slug":"neue-raeumlichkeiten-in-wolfsburg","status":"publish","type":"post","link":"http:\/\/www.virtuellesstudio.de\/?p=1075","title":{"rendered":"Neue R\u00e4umlichkeiten in Wolfsburg"},"content":{"rendered":"<p>Die Virtuelles Studio GmbH wird im Jubil\u00e4umsjahr am Standort Wolfsburg neue, gro\u00dfz\u00fcgige R\u00e4umlichkeiten beziehen. Die Bauarbeiten am eigens daf\u00fcr konzipierten B\u00fcrogeb\u00e4ude sollen bis voraussichtlich September 2015 abgeschlossen werden. Der Rohbau steht bereits und schon jetzt l\u00e4sst sich absehen, dass das Geb\u00e4ude nach seiner Fertigstellung einen absolut repr\u00e4sentativen Rahmen f\u00fcr unser Unternehmen bieten wird.<\/p>\n<p><!--more--><\/p>\n<p>Auch der Innenausbau wird in K\u00fcrze in die hei\u00dfe Phase gehen. Insbesondere die Installation des hochwertigen Equipments sowie der umfangreichen Sicherheitseinrichtungen wird dabei mit gr\u00f6\u00dfter Sorgfalt vorgenommen, um auch zuk\u00fcnftig die hohen Anspr\u00fcche unserer Kunden in vollem Umfang zu erf\u00fcllen. Zudem erwartet unsere Kunden und Mitarbeiter im neuen Geb\u00e4ude eine helle, freundliche Atmosph\u00e4re, viel Platz zum Arbeiten sowie eine einladende Kaffee-Lounge. Wir freuen uns darauf, unsere Kunden bald in den neuen R\u00e4umlichkeiten zu begr\u00fc\u00dfen. Selbstverst\u00e4ndlich informieren wir Sie auch weiterhin \u00fcber den Fortschritt der Bauarbeiten. Auf <a href=\"https:\/\/www.facebook.com\/virtuellesstudio\" target=\"_blank\">Facebook\u00a0<\/a> k\u00f6nnen Sie aktuelle Bilder der Baustelle abrufen.<br \/>\n<br \/>\n<a href=\"http:\/\/www.virtuellesstudio.de\/wp-content\/uploads\/2015\/06\/Neubau_WOB_1.jpg\"><img loading=\"lazy\" decoding=\"async\" class=\"alignnone size-full wp-image-1074\" src=\"http:\/\/www.virtuellesstudio.de\/wp-content\/uploads\/2015\/06\/Neubau_WOB_1.jpg\" alt=\"Neubau_WOB_1\" width=\"300\" height=\"240\" \/><\/a><\/p>\n<p><\/p>","protected":false},"excerpt":{"rendered":"<p>Die Virtuelles Studio GmbH wird im Jubil\u00e4umsjahr am Standort Wolfsburg neue, gro\u00dfz\u00fcgige R\u00e4umlichkeiten beziehen. Die Bauarbeiten am eigens daf\u00fcr konzipierten B\u00fcrogeb\u00e4ude sollen bis voraussichtlich September 2015 abgeschlossen werden. Der Rohbau steht bereits und schon jetzt l\u00e4sst sich absehen, dass das &hellip; <a href=\"http:\/\/www.virtuellesstudio.de\/?p=1075\">Continue reading <span class=\"meta-nav\">&rarr;<\/span><\/a><\/p>\n","protected":false},"author":5,"featured_media":0,"comment_status":"open","ping_status":"closed","sticky":false,"template":"","format":"standard","meta":{"ngg_post_thumbnail":0,"footnotes":""},"categories":[9],"tags":[],"class_list":["post-1075","post","type-post","status-publish","format-standard","hentry","category-the-blog"],"_links":{"self":[{"href":"http:\/\/www.virtuellesstudio.de\/index.php?rest_route=\/wp\/v2\/posts\/1075","targetHints":{"allow":["GET"]}}],"collection":[{"href":"http:\/\/www.virtuellesstudio.de\/index.php?rest_route=\/wp\/v2\/posts"}],"about":[{"href":"http:\/\/www.virtuellesstudio.de\/index.php?rest_route=\/wp\/v2\/types\/post"}],"author":[{"embeddable":true,"href":"http:\/\/www.virtuellesstudio.de\/index.php?rest_route=\/wp\/v2\/users\/5"}],"replies":[{"embeddable":true,"href":"http:\/\/www.virtuellesstudio.de\/index.php?rest_route=%2Fwp%2Fv2%2Fcomments&post=1075"}],"version-history":[{"count":15,"href":"http:\/\/www.virtuellesstudio.de\/index.php?rest_route=\/wp\/v2\/posts\/1075\/revisions"}],"predecessor-version":[{"id":1666,"href":"http:\/\/www.virtuellesstudio.de\/index.php?rest_route=\/wp\/v2\/posts\/1075\/revisions\/1666"}],"wp:attachment":[{"href":"http:\/\/www.virtuellesstudio.de\/index.php?rest_route=%2Fwp%2Fv2%2Fmedia&parent=1075"}],"wp:term":[{"taxonomy":"category","embeddable":true,"href":"http:\/\/www.virtuellesstudio.de\/index.php?rest_route=%2Fwp%2Fv2%2Fcategories&post=1075"},{"taxonomy":"post_tag","embeddable":true,"href":"http:\/\/www.virtuellesstudio.de\/index.php?rest_route=%2Fwp%2Fv2%2Ftags&post=1075"}],"curies":[{"name":"wp","href":"https:\/\/api.w.org\/{rel}","templated":true}]}}