{"id":1125,"date":"2015-07-20T14:19:28","date_gmt":"2015-07-20T12:19:28","guid":{"rendered":"http:\/\/www.virtuellesstudio.de\/?p=1125"},"modified":"2015-12-10T17:32:27","modified_gmt":"2015-12-10T15:32:27","slug":"die-gestaltung-des-interieurs-hat-begonnen","status":"publish","type":"post","link":"http:\/\/www.virtuellesstudio.de\/?p=1125","title":{"rendered":"Die Gestaltung des Interieurs hat begonnen"},"content":{"rendered":"<p>Das aktuelle Showcar der Virtuelles Studio GmbH wird bald nicht nur von au\u00dfen \u00fcberzeugen, sondern auch von innen. Nach der Fertigstellung der letzten Renderings des sportlich-eleganten Exterieurs widmen sich unsere Designer nun der Innengestaltung. <\/p>\n<p><!--more--><\/p>\n<p>Dabei sind bereits erste Entw\u00fcrfe entstanden, die wir Ihnen heute pr\u00e4sentieren m\u00f6chten. Selbstverst\u00e4ndlich halten wir Sie bez\u00fcglich der Weiterentwicklung unseres Showcars auf dem Laufenden. Die neuesten Entw\u00fcrfe unserer Designer k\u00f6nnen Sie auf <a href=\"https:\/\/www.facebook.com\/virtuellesstudio\" target=\"_blank\">Facebook<\/a> betrachten. Wir freuen uns \u00fcber Ihre Meinung dazu. <\/p>\n<p><a href=\"http:\/\/www.virtuellesstudio.de\/wp-content\/uploads\/2015\/07\/Showcar_Interieur_Logo.jpg\"><img loading=\"lazy\" decoding=\"async\" src=\"http:\/\/www.virtuellesstudio.de\/wp-content\/uploads\/2015\/07\/Showcar_Interieur_Logo.jpg\" alt=\"Showcar_Interieur\" width=\"300\" height=\"180\" class=\"alignnone size-full wp-image-1126\" \/><\/a><!--more--><br \/>\n<\/p>","protected":false},"excerpt":{"rendered":"<p>Das aktuelle Showcar der Virtuelles Studio GmbH wird bald nicht nur von au\u00dfen \u00fcberzeugen, sondern auch von innen. Nach der Fertigstellung der letzten Renderings des sportlich-eleganten Exterieurs widmen sich unsere Designer nun der Innengestaltung.<\/p>\n","protected":false},"author":5,"featured_media":0,"comment_status":"open","ping_status":"closed","sticky":false,"template":"","format":"standard","meta":{"ngg_post_thumbnail":0,"footnotes":""},"categories":[9],"tags":[],"class_list":["post-1125","post","type-post","status-publish","format-standard","hentry","category-the-blog"],"_links":{"self":[{"href":"http:\/\/www.virtuellesstudio.de\/index.php?rest_route=\/wp\/v2\/posts\/1125","targetHints":{"allow":["GET"]}}],"collection":[{"href":"http:\/\/www.virtuellesstudio.de\/index.php?rest_route=\/wp\/v2\/posts"}],"about":[{"href":"http:\/\/www.virtuellesstudio.de\/index.php?rest_route=\/wp\/v2\/types\/post"}],"author":[{"embeddable":true,"href":"http:\/\/www.virtuellesstudio.de\/index.php?rest_route=\/wp\/v2\/users\/5"}],"replies":[{"embeddable":true,"href":"http:\/\/www.virtuellesstudio.de\/index.php?rest_route=%2Fwp%2Fv2%2Fcomments&post=1125"}],"version-history":[{"count":9,"href":"http:\/\/www.virtuellesstudio.de\/index.php?rest_route=\/wp\/v2\/posts\/1125\/revisions"}],"predecessor-version":[{"id":1663,"href":"http:\/\/www.virtuellesstudio.de\/index.php?rest_route=\/wp\/v2\/posts\/1125\/revisions\/1663"}],"wp:attachment":[{"href":"http:\/\/www.virtuellesstudio.de\/index.php?rest_route=%2Fwp%2Fv2%2Fmedia&parent=1125"}],"wp:term":[{"taxonomy":"category","embeddable":true,"href":"http:\/\/www.virtuellesstudio.de\/index.php?rest_route=%2Fwp%2Fv2%2Fcategories&post=1125"},{"taxonomy":"post_tag","embeddable":true,"href":"http:\/\/www.virtuellesstudio.de\/index.php?rest_route=%2Fwp%2Fv2%2Ftags&post=1125"}],"curies":[{"name":"wp","href":"https:\/\/api.w.org\/{rel}","templated":true}]}}