{"id":1226,"date":"2015-09-24T11:51:25","date_gmt":"2015-09-24T09:51:25","guid":{"rendered":"http:\/\/www.virtuellesstudio.de\/?p=1226"},"modified":"2015-12-10T17:22:22","modified_gmt":"2015-12-10T15:22:22","slug":"besuch-der-iaa-2015-in-frankfurt","status":"publish","type":"post","link":"http:\/\/www.virtuellesstudio.de\/?p=1226","title":{"rendered":"Quelle der Inspiration"},"content":{"rendered":"<p>Besuch der IAA 2015: Die internationale Automobilausstellung in Frankfurt z\u00e4hlt zu den wichtigsten Veranstaltungen der Automobilbranche und ist deshalb auch ein absolutes Muss f\u00fcr die Virtuelles Studio GmbH. Vertreter des Unternehmens waren in der vergangenen Woche auf der IAA unterwegs, um sich dort einen \u00dcberblick \u00fcber die neuesten Entwicklungen und Trends in der Branche zu verschaffen. <!--more--><\/p>\n<p>Zahlreiche Modellneuheiten der internationalen Hersteller, innovative Showcars und interessante Beitr\u00e4ge zum Top-Thema E-Mobilit\u00e4t geh\u00f6rten dabei zu den Highlights des Besuchs. Neben dem Informationsaustausch und Diskussionen mit dem anwesenden Fachpublikum konnten wir zudem neue Gesch\u00e4ftskontakte kn\u00fcpfen und Anregungen f\u00fcr unsere eigene Arbeit sammeln, denn die IAA stellt dank der gro\u00dfen Anzahl an unterschiedlichsten Exponaten eine unersch\u00f6pfliche Quelle der Inspiration dar.<\/p>\n<p>Impressionen von unserem Besuch der IAA k\u00f6nnen Sie auf unserer <a href=\"https:\/\/www.facebook.com\/virtuellesstudio\" target=\"_blank\">Facebook-Seite<\/a> einsehen.<br \/>\nViel Spa\u00df dabei!<\/p>\n<p><a href=\"http:\/\/www.virtuellesstudio.de\/wp-content\/uploads\/2015\/09\/IAA_2015.jpg\"><img loading=\"lazy\" decoding=\"async\" class=\"alignnone size-medium wp-image-1228\" src=\"http:\/\/www.virtuellesstudio.de\/wp-content\/uploads\/2015\/09\/IAA_2015-300x147.jpg\" alt=\"IAA_2015\" width=\"300\" height=\"147\" srcset=\"http:\/\/www.virtuellesstudio.de\/wp-content\/uploads\/2015\/09\/IAA_2015-300x147.jpg 300w, http:\/\/www.virtuellesstudio.de\/wp-content\/uploads\/2015\/09\/IAA_2015-1024x504.jpg 1024w\" sizes=\"auto, (max-width: 300px) 100vw, 300px\" \/><\/a><\/p>","protected":false},"excerpt":{"rendered":"<p>Besuch der IAA 2015: Die internationale Automobilausstellung in Frankfurt z\u00e4hlt zu den wichtigsten Veranstaltungen der Automobilbranche und ist deshalb auch ein absolutes Muss f\u00fcr die Virtuelles Studio GmbH. Vertreter des Unternehmens waren in der vergangenen Woche auf der IAA unterwegs, &hellip; <a href=\"http:\/\/www.virtuellesstudio.de\/?p=1226\">Continue reading <span class=\"meta-nav\">&rarr;<\/span><\/a><\/p>\n","protected":false},"author":5,"featured_media":0,"comment_status":"open","ping_status":"closed","sticky":false,"template":"","format":"standard","meta":{"ngg_post_thumbnail":0,"footnotes":""},"categories":[9],"tags":[],"class_list":["post-1226","post","type-post","status-publish","format-standard","hentry","category-the-blog"],"_links":{"self":[{"href":"http:\/\/www.virtuellesstudio.de\/index.php?rest_route=\/wp\/v2\/posts\/1226","targetHints":{"allow":["GET"]}}],"collection":[{"href":"http:\/\/www.virtuellesstudio.de\/index.php?rest_route=\/wp\/v2\/posts"}],"about":[{"href":"http:\/\/www.virtuellesstudio.de\/index.php?rest_route=\/wp\/v2\/types\/post"}],"author":[{"embeddable":true,"href":"http:\/\/www.virtuellesstudio.de\/index.php?rest_route=\/wp\/v2\/users\/5"}],"replies":[{"embeddable":true,"href":"http:\/\/www.virtuellesstudio.de\/index.php?rest_route=%2Fwp%2Fv2%2Fcomments&post=1226"}],"version-history":[{"count":15,"href":"http:\/\/www.virtuellesstudio.de\/index.php?rest_route=\/wp\/v2\/posts\/1226\/revisions"}],"predecessor-version":[{"id":1659,"href":"http:\/\/www.virtuellesstudio.de\/index.php?rest_route=\/wp\/v2\/posts\/1226\/revisions\/1659"}],"wp:attachment":[{"href":"http:\/\/www.virtuellesstudio.de\/index.php?rest_route=%2Fwp%2Fv2%2Fmedia&parent=1226"}],"wp:term":[{"taxonomy":"category","embeddable":true,"href":"http:\/\/www.virtuellesstudio.de\/index.php?rest_route=%2Fwp%2Fv2%2Fcategories&post=1226"},{"taxonomy":"post_tag","embeddable":true,"href":"http:\/\/www.virtuellesstudio.de\/index.php?rest_route=%2Fwp%2Fv2%2Ftags&post=1226"}],"curies":[{"name":"wp","href":"https:\/\/api.w.org\/{rel}","templated":true}]}}