{"id":1246,"date":"2015-10-19T17:34:47","date_gmt":"2015-10-19T15:34:47","guid":{"rendered":"http:\/\/www.virtuellesstudio.de\/?p=1246"},"modified":"2015-12-10T17:19:40","modified_gmt":"2015-12-10T15:19:40","slug":"erfolgreiche-teilnahme-an-der-jobtotal-2015","status":"publish","type":"post","link":"http:\/\/www.virtuellesstudio.de\/?p=1246","title":{"rendered":"Erfolgreiche Teilnahme an der \u201cJOBtotal 2015\u201d"},"content":{"rendered":"<p>Die Virtuelles Studio GmbH ist immer auf der Suche nach gut ausgebildeten Experten. So auch am 14. Oktober 2015, als wir an der Fachmesse der Arbeitsagentur \u201eJOBtotal 2015\u201c teilnahmen, um uns mit einem Stand in der Ingolst\u00e4dter Saturn Arena als attraktiven Arbeitgeber vorzustellen und dabei den Kontakt mit qualifizierten Fachkr\u00e4ften aus der Region zu suchen. <!--more--><\/p>\n<p>Unter dem Motto \u201eKeine Lust auf 08\/15\u201c pr\u00e4sentierten wir an unserem Stand nicht nur aktuelle Stellenangebote in einer faszinierenden Branche und einem \u00e4u\u00dferst dynamischen Umfeld, sondern auch unsere innovative 3D-Brille als konkretes Beispiel f\u00fcr unsere Leistungen. Diese erwies sich einmal mehr als absoluter Besuchermagnet f\u00fcr Jung und Alt. Dabei konnten wir sowohl Experten aus den Bereichen Design, CAS\/Strak und Visualisierung als auch Sch\u00fcler und Studenten begeistern, die sich bei uns \u00fcber die Anforderungen der Branche informierten. Bereits vor Ort nahmen wir diverse Bewerbungen entgegen und tauschten uns mit Bewerbern aus. Selbstverst\u00e4ndlich haben Sie aber auch weiterhin die M\u00f6glichkeit, sich online zu bewerben. <\/p>\n<p>Auf diesem Weg m\u00f6chten wir uns bei allen Besuchern und nat\u00fcrlich den Organisatoren der Messe f\u00fcr einen spannenden Tag und die positive Resonanz auf unseren Stand bedanken! <\/p>\n<p>Sie wollen sich einen Eindruck von der Messe und unserem Stand machen? Dann besuchen Sie unsere <a href=\"https:\/\/www.facebook.com\/virtuellesstudio\" target=\"_blank\">Facebook-Seite<\/a>, dort finden Sie Bilder und Impressionen. Wir freuen uns \u00fcber Ihre Kommentare, Anmerkungen und \u201eLikes\u201c. <\/p>\n<p><a href=\"http:\/\/www.virtuellesstudio.de\/wp-content\/uploads\/2015\/10\/JOBtotal2015.jpg\"><img loading=\"lazy\" decoding=\"async\" src=\"http:\/\/www.virtuellesstudio.de\/wp-content\/uploads\/2015\/10\/JOBtotal2015.jpg\" alt=\"JOBtotal2015\" width=\"300\" height=\"225\" class=\"alignnone size-full wp-image-1245\" \/><\/a><br \/>\n<\/p>","protected":false},"excerpt":{"rendered":"<p>Die Virtuelles Studio GmbH ist immer auf der Suche nach gut ausgebildeten Experten. So auch am 14. Oktober 2015, als wir an der Fachmesse der Arbeitsagentur \u201eJOBtotal 2015\u201c teilnahmen, um uns mit einem Stand in der Ingolst\u00e4dter Saturn Arena als &hellip; <a href=\"http:\/\/www.virtuellesstudio.de\/?p=1246\">Continue reading <span class=\"meta-nav\">&rarr;<\/span><\/a><\/p>\n","protected":false},"author":5,"featured_media":0,"comment_status":"open","ping_status":"closed","sticky":false,"template":"","format":"standard","meta":{"ngg_post_thumbnail":0,"footnotes":""},"categories":[9],"tags":[],"class_list":["post-1246","post","type-post","status-publish","format-standard","hentry","category-the-blog"],"_links":{"self":[{"href":"http:\/\/www.virtuellesstudio.de\/index.php?rest_route=\/wp\/v2\/posts\/1246","targetHints":{"allow":["GET"]}}],"collection":[{"href":"http:\/\/www.virtuellesstudio.de\/index.php?rest_route=\/wp\/v2\/posts"}],"about":[{"href":"http:\/\/www.virtuellesstudio.de\/index.php?rest_route=\/wp\/v2\/types\/post"}],"author":[{"embeddable":true,"href":"http:\/\/www.virtuellesstudio.de\/index.php?rest_route=\/wp\/v2\/users\/5"}],"replies":[{"embeddable":true,"href":"http:\/\/www.virtuellesstudio.de\/index.php?rest_route=%2Fwp%2Fv2%2Fcomments&post=1246"}],"version-history":[{"count":8,"href":"http:\/\/www.virtuellesstudio.de\/index.php?rest_route=\/wp\/v2\/posts\/1246\/revisions"}],"predecessor-version":[{"id":1658,"href":"http:\/\/www.virtuellesstudio.de\/index.php?rest_route=\/wp\/v2\/posts\/1246\/revisions\/1658"}],"wp:attachment":[{"href":"http:\/\/www.virtuellesstudio.de\/index.php?rest_route=%2Fwp%2Fv2%2Fmedia&parent=1246"}],"wp:term":[{"taxonomy":"category","embeddable":true,"href":"http:\/\/www.virtuellesstudio.de\/index.php?rest_route=%2Fwp%2Fv2%2Fcategories&post=1246"},{"taxonomy":"post_tag","embeddable":true,"href":"http:\/\/www.virtuellesstudio.de\/index.php?rest_route=%2Fwp%2Fv2%2Ftags&post=1246"}],"curies":[{"name":"wp","href":"https:\/\/api.w.org\/{rel}","templated":true}]}}