{"id":2190,"date":"2016-11-04T08:40:13","date_gmt":"2016-11-04T06:40:13","guid":{"rendered":"http:\/\/www.virtuellesstudio.de\/?p=2190"},"modified":"2016-11-04T09:40:44","modified_gmt":"2016-11-04T07:40:44","slug":"terminplanung-leicht-gemacht-mit-unserem-neuen-kalender","status":"publish","type":"post","link":"http:\/\/www.virtuellesstudio.de\/?p=2190","title":{"rendered":"Terminplanung leicht gemacht \u2013 mit unserem neuen Kalender"},"content":{"rendered":"<p>Das Jahr 2016 n\u00e4hert sich dem Ende und deshalb ist es an der Zeit, an den Kalender f\u00fcr das n\u00e4chste Jahr zu denken. Wie gewohnt wird es auch in 2017 einen Kalender im typischen Stil der Virtuelles Studio GmbH geben. <!--more--><\/p>\n<p>Wenn Sie sich ein individuelles Exemplar in Ihr B\u00fcro holen wollen, dann besuchen Sie uns doch einfach in einem unserer Studios und sichern sich unsere neuen Tisch- und Wandkalender. Oder noch schneller und einfacher: Als Download von unserer Webseite bringen Sie die digitale Kalenderversion direkt vom Bildschirm an Ihre Wand oder auf Ihren Schreibtisch.<a href=\"http:\/\/www.virtuellesstudio.de\/wp-content\/uploads\/2016\/11\/Download_VS_Wandplaner-2017_A3.pdf\" target=\"_blank\"><br \/>\n<\/a><a href=\"http:\/\/www.virtuellesstudio.de\/wp-content\/uploads\/2016\/11\/Download_VS_Wandplaner-2017_A3.pdf\" target=\"_blank\"><br \/>\nWandkalender im Format A3<\/a><\/p>\n<p><a href=\"http:\/\/www.virtuellesstudio.de\/wp-content\/uploads\/2016\/11\/Download_VS_Wandplaner-2017_A1.pdf\" target=\"_blank\">Wandkalender im Format A1<\/a><\/p>\n<p><a href=\"http:\/\/www.virtuellesstudio.de\/wp-content\/uploads\/2016\/11\/Download_VS_Tischkalender-2017_A4.pdf\" target=\"_blank\">Tischkalender im Format A4<br \/>\n<\/a><\/p>\n<p><a href=\"http:\/\/www.virtuellesstudio.de\/wp-content\/uploads\/2016\/11\/Kalender-2017.jpg\"><img loading=\"lazy\" decoding=\"async\" class=\"alignnone wp-image-2191 size-medium\" src=\"http:\/\/www.virtuellesstudio.de\/wp-content\/uploads\/2016\/11\/Kalender-2017-300x212.jpg\" alt=\"Kalender 2017 der Virtuelles Studio GmbH\" width=\"300\" height=\"212\" srcset=\"http:\/\/www.virtuellesstudio.de\/wp-content\/uploads\/2016\/11\/Kalender-2017-300x212.jpg 300w, http:\/\/www.virtuellesstudio.de\/wp-content\/uploads\/2016\/11\/Kalender-2017.jpg 567w\" sizes=\"auto, (max-width: 300px) 100vw, 300px\" \/><\/a><\/p>","protected":false},"excerpt":{"rendered":"<p>Das Jahr 2016 n\u00e4hert sich dem Ende und deshalb ist es an der Zeit, an den Kalender f\u00fcr das n\u00e4chste Jahr zu denken. Wie gewohnt wird es auch in 2017 einen Kalender im typischen Stil der Virtuelles Studio GmbH geben.<\/p>\n","protected":false},"author":5,"featured_media":0,"comment_status":"open","ping_status":"closed","sticky":false,"template":"","format":"standard","meta":{"ngg_post_thumbnail":0,"footnotes":""},"categories":[9],"tags":[],"class_list":["post-2190","post","type-post","status-publish","format-standard","hentry","category-the-blog"],"_links":{"self":[{"href":"http:\/\/www.virtuellesstudio.de\/index.php?rest_route=\/wp\/v2\/posts\/2190","targetHints":{"allow":["GET"]}}],"collection":[{"href":"http:\/\/www.virtuellesstudio.de\/index.php?rest_route=\/wp\/v2\/posts"}],"about":[{"href":"http:\/\/www.virtuellesstudio.de\/index.php?rest_route=\/wp\/v2\/types\/post"}],"author":[{"embeddable":true,"href":"http:\/\/www.virtuellesstudio.de\/index.php?rest_route=\/wp\/v2\/users\/5"}],"replies":[{"embeddable":true,"href":"http:\/\/www.virtuellesstudio.de\/index.php?rest_route=%2Fwp%2Fv2%2Fcomments&post=2190"}],"version-history":[{"count":12,"href":"http:\/\/www.virtuellesstudio.de\/index.php?rest_route=\/wp\/v2\/posts\/2190\/revisions"}],"predecessor-version":[{"id":2203,"href":"http:\/\/www.virtuellesstudio.de\/index.php?rest_route=\/wp\/v2\/posts\/2190\/revisions\/2203"}],"wp:attachment":[{"href":"http:\/\/www.virtuellesstudio.de\/index.php?rest_route=%2Fwp%2Fv2%2Fmedia&parent=2190"}],"wp:term":[{"taxonomy":"category","embeddable":true,"href":"http:\/\/www.virtuellesstudio.de\/index.php?rest_route=%2Fwp%2Fv2%2Fcategories&post=2190"},{"taxonomy":"post_tag","embeddable":true,"href":"http:\/\/www.virtuellesstudio.de\/index.php?rest_route=%2Fwp%2Fv2%2Ftags&post=2190"}],"curies":[{"name":"wp","href":"https:\/\/api.w.org\/{rel}","templated":true}]}}