{"id":460,"date":"2013-08-07T14:14:38","date_gmt":"2013-08-07T12:14:38","guid":{"rendered":"http:\/\/www.virtuellesstudio.de\/?p=460"},"modified":"2013-08-07T14:18:18","modified_gmt":"2013-08-07T12:18:18","slug":"neues-von-unserer-nachwuchsforderung","status":"publish","type":"post","link":"http:\/\/www.virtuellesstudio.de\/?p=460","title":{"rendered":"Neues von unserer Nachwuchsf\u00f6rderung"},"content":{"rendered":"<p>Auch in diesem Jahr wurde innerhalb unserer Nachwuchsf\u00f6rderung die Abschlussarbeit in Selb erfolgreich pr\u00e4sentiert. Anbei einige Bilder der qualifizierten Ausarbeitung. In einigen Wochen wird das Modell in unserer Niederlassung M\u00fcnchen ausgestellt.<\/p>\n<p>Wir gratulieren und freuen uns, im Rahmen der Nachwuchsf\u00f6rderung einen qualifizierten Mitarbeiter im Team zu begr\u00fc\u00dfen.<\/p>\n<p><a href=\"https:\/\/www.facebook.com\/media\/set\/?set=a.499325650154168.1073741826.115753805178023&amp;type=1\">Hier geht es zu den Bildern<\/a><\/p>","protected":false},"excerpt":{"rendered":"<p>Auch in diesem Jahr wurde innerhalb unserer Nachwuchsf\u00f6rderung die Abschlussarbeit in Selb erfolgreich pr\u00e4sentiert. Anbei einige Bilder der qualifizierten Ausarbeitung. In einigen Wochen wird das Modell in unserer Niederlassung M\u00fcnchen ausgestellt. Wir gratulieren und freuen uns, im Rahmen der Nachwuchsf\u00f6rderung &hellip; <a href=\"http:\/\/www.virtuellesstudio.de\/?p=460\">Continue reading <span class=\"meta-nav\">&rarr;<\/span><\/a><\/p>\n","protected":false},"author":3,"featured_media":0,"comment_status":"open","ping_status":"closed","sticky":false,"template":"","format":"standard","meta":{"ngg_post_thumbnail":0,"footnotes":""},"categories":[9],"tags":[],"class_list":["post-460","post","type-post","status-publish","format-standard","hentry","category-the-blog"],"_links":{"self":[{"href":"http:\/\/www.virtuellesstudio.de\/index.php?rest_route=\/wp\/v2\/posts\/460","targetHints":{"allow":["GET"]}}],"collection":[{"href":"http:\/\/www.virtuellesstudio.de\/index.php?rest_route=\/wp\/v2\/posts"}],"about":[{"href":"http:\/\/www.virtuellesstudio.de\/index.php?rest_route=\/wp\/v2\/types\/post"}],"author":[{"embeddable":true,"href":"http:\/\/www.virtuellesstudio.de\/index.php?rest_route=\/wp\/v2\/users\/3"}],"replies":[{"embeddable":true,"href":"http:\/\/www.virtuellesstudio.de\/index.php?rest_route=%2Fwp%2Fv2%2Fcomments&post=460"}],"version-history":[{"count":8,"href":"http:\/\/www.virtuellesstudio.de\/index.php?rest_route=\/wp\/v2\/posts\/460\/revisions"}],"predecessor-version":[{"id":468,"href":"http:\/\/www.virtuellesstudio.de\/index.php?rest_route=\/wp\/v2\/posts\/460\/revisions\/468"}],"wp:attachment":[{"href":"http:\/\/www.virtuellesstudio.de\/index.php?rest_route=%2Fwp%2Fv2%2Fmedia&parent=460"}],"wp:term":[{"taxonomy":"category","embeddable":true,"href":"http:\/\/www.virtuellesstudio.de\/index.php?rest_route=%2Fwp%2Fv2%2Fcategories&post=460"},{"taxonomy":"post_tag","embeddable":true,"href":"http:\/\/www.virtuellesstudio.de\/index.php?rest_route=%2Fwp%2Fv2%2Ftags&post=460"}],"curies":[{"name":"wp","href":"https:\/\/api.w.org\/{rel}","templated":true}]}}