{"id":886,"date":"2015-04-14T11:47:36","date_gmt":"2015-04-14T09:47:36","guid":{"rendered":"http:\/\/www.virtuellesstudio.de\/?p=886"},"modified":"2015-05-04T12:31:45","modified_gmt":"2015-05-04T10:31:45","slug":"wir-suchen-die-talente-von-morgen","status":"publish","type":"post","link":"http:\/\/www.virtuellesstudio.de\/?p=886","title":{"rendered":"Wir suchen die Talente von morgen"},"content":{"rendered":"<p>Der 13. Mai 2015 steht f\u00fcr uns ganz im Zeichen der Begegnung, denn wir nehmen neben zahlreichen namhaften Unternehmen aus der Region an der Kontaktmesse CONTACT 2015 der Ingolst\u00e4dter Hochschule in der Saturn Arena teil. Wir pr\u00e4sentieren an unserem Messestand im Foyer unser Unternehmen sowie unsere Leistungen und Karrierem\u00f6glichkeiten. Selbstverst\u00e4ndlich erhalten Sie auch Informationen \u00fcber aktuelle Stellenanzeigen.<\/p>\n<p><!--more--><\/p>\n<p>Diese k\u00f6nnen Sie schon vorab auf der Webseite,\u00a0Facebook, Xing\u00a0oder LinkedIn abrufen. Die Messe ist f\u00fcr uns eine perfekte Gelegenheit, um neue Kontakte zu kn\u00fcpfen und Absolventen oder Young Professionals aus der Region kennenzulernen. Die direkte Begegnung mit den Bewerbern m\u00f6chten wir nutzen, um Menschen mit der gleichen Leidenschaft f\u00fcr die Arbeit in den Bereichen Design, CAS\/Strak oder Visualisierung zu finden, die unsere erfolgreichen Teams an den Standorten Gaimersheim, M\u00fcnchen und Wolfsburg tatkr\u00e4ftig unterst\u00fctzen k\u00f6nnen. <\/p>\n<p>\nBesuchen Sie uns am Messestand 92. Wir freuen uns auf Sie. Weitere Informationen \u00fcber die Messe erhalten Sie auf <a href=\"http:\/\/www.contactin.de\/\">www.contactin.de<\/a> . <\/p>\n<p>\n<a href=\"http:\/\/www.virtuellesstudio.de\/wp-content\/uploads\/2015\/04\/2015_Anzeige_CONTACT.jpg\"><img loading=\"lazy\" decoding=\"async\" class=\"alignnone size-medium wp-image-898\" src=\"http:\/\/www.virtuellesstudio.de\/wp-content\/uploads\/2015\/04\/2015_Anzeige_CONTACT-300x203.jpg\" alt=\"2015_Anzeige_CONTACT\" width=\"300\" height=\"203\" srcset=\"http:\/\/www.virtuellesstudio.de\/wp-content\/uploads\/2015\/04\/2015_Anzeige_CONTACT-300x203.jpg 300w, http:\/\/www.virtuellesstudio.de\/wp-content\/uploads\/2015\/04\/2015_Anzeige_CONTACT-1024x693.jpg 1024w\" sizes=\"auto, (max-width: 300px) 100vw, 300px\" \/><\/a><\/p>\n<p><\/p>","protected":false},"excerpt":{"rendered":"<p>Der 13. Mai 2015 steht f\u00fcr uns ganz im Zeichen der Begegnung, denn wir nehmen neben zahlreichen namhaften Unternehmen aus der Region an der Kontaktmesse CONTACT 2015 der Ingolst\u00e4dter Hochschule in der Saturn Arena teil. Wir pr\u00e4sentieren an unserem Messestand &hellip; <a href=\"http:\/\/www.virtuellesstudio.de\/?p=886\">Continue reading <span class=\"meta-nav\">&rarr;<\/span><\/a><\/p>\n","protected":false},"author":5,"featured_media":0,"comment_status":"open","ping_status":"closed","sticky":false,"template":"","format":"standard","meta":{"ngg_post_thumbnail":0,"footnotes":""},"categories":[9],"tags":[],"class_list":["post-886","post","type-post","status-publish","format-standard","hentry","category-the-blog"],"_links":{"self":[{"href":"http:\/\/www.virtuellesstudio.de\/index.php?rest_route=\/wp\/v2\/posts\/886","targetHints":{"allow":["GET"]}}],"collection":[{"href":"http:\/\/www.virtuellesstudio.de\/index.php?rest_route=\/wp\/v2\/posts"}],"about":[{"href":"http:\/\/www.virtuellesstudio.de\/index.php?rest_route=\/wp\/v2\/types\/post"}],"author":[{"embeddable":true,"href":"http:\/\/www.virtuellesstudio.de\/index.php?rest_route=\/wp\/v2\/users\/5"}],"replies":[{"embeddable":true,"href":"http:\/\/www.virtuellesstudio.de\/index.php?rest_route=%2Fwp%2Fv2%2Fcomments&post=886"}],"version-history":[{"count":17,"href":"http:\/\/www.virtuellesstudio.de\/index.php?rest_route=\/wp\/v2\/posts\/886\/revisions"}],"predecessor-version":[{"id":1004,"href":"http:\/\/www.virtuellesstudio.de\/index.php?rest_route=\/wp\/v2\/posts\/886\/revisions\/1004"}],"wp:attachment":[{"href":"http:\/\/www.virtuellesstudio.de\/index.php?rest_route=%2Fwp%2Fv2%2Fmedia&parent=886"}],"wp:term":[{"taxonomy":"category","embeddable":true,"href":"http:\/\/www.virtuellesstudio.de\/index.php?rest_route=%2Fwp%2Fv2%2Fcategories&post=886"},{"taxonomy":"post_tag","embeddable":true,"href":"http:\/\/www.virtuellesstudio.de\/index.php?rest_route=%2Fwp%2Fv2%2Ftags&post=886"}],"curies":[{"name":"wp","href":"https:\/\/api.w.org\/{rel}","templated":true}]}}